{"id":1723,"date":"2022-06-02T21:26:39","date_gmt":"2022-06-02T21:26:39","guid":{"rendered":"https:\/\/drandrefaria.com.br\/?p=1723"},"modified":"2022-06-03T12:21:19","modified_gmt":"2022-06-03T12:21:19","slug":"aleitamento-materno-previne-sobrepeso-infancia","status":"publish","type":"post","link":"https:\/\/drandrefaria.com.br\/index.php\/2022\/06\/02\/aleitamento-materno-previne-sobrepeso-infancia\/","title":{"rendered":"O ALEITAMENTO MATERNO PREVINE O  SOBREPESO NA INF\u00c2NCIA?"},"content":{"rendered":"\t\t<div data-elementor-type=\"wp-post\" data-elementor-id=\"1723\" class=\"elementor elementor-1723\">\n\t\t\t\t\t\t<div class=\"elementor-inner\">\n\t\t\t\t<div class=\"elementor-section-wrap\">\n\t\t\t\t\t\t\t\t\t<section class=\"elementor-section elementor-top-section elementor-element elementor-element-dfc6159 elementor-section-boxed elementor-section-height-default elementor-section-height-default\" data-id=\"dfc6159\" data-element_type=\"section\">\n\t\t\t\t\t\t<div class=\"elementor-container elementor-column-gap-default\">\n\t\t\t\t\t\t\t<div class=\"elementor-row\">\n\t\t\t\t\t<div class=\"elementor-column elementor-col-100 elementor-top-column elementor-element elementor-element-702f1c2\" data-id=\"702f1c2\" data-element_type=\"column\">\n\t\t\t<div class=\"elementor-column-wrap elementor-element-populated\">\n\t\t\t\t\t\t\t<div class=\"elementor-widget-wrap\">\n\t\t\t\t\t\t<section class=\"elementor-section elementor-inner-section elementor-element elementor-element-ab09040 elementor-reverse-mobile elementor-section-boxed elementor-section-height-default elementor-section-height-default\" data-id=\"ab09040\" data-element_type=\"section\">\n\t\t\t\t\t\t<div class=\"elementor-container elementor-column-gap-default\">\n\t\t\t\t\t\t\t<div class=\"elementor-row\">\n\t\t\t\t\t<div class=\"elementor-column elementor-col-50 elementor-inner-column elementor-element elementor-element-e8b2e66\" data-id=\"e8b2e66\" data-element_type=\"column\">\n\t\t\t<div class=\"elementor-column-wrap elementor-element-populated\">\n\t\t\t\t\t\t\t<div class=\"elementor-widget-wrap\">\n\t\t\t\t\t\t<div class=\"elementor-element elementor-element-55b6220 elementor-widget elementor-widget-image\" data-id=\"55b6220\" data-element_type=\"widget\" data-widget_type=\"image.default\">\n\t\t\t\t<div class=\"elementor-widget-container\">\n\t\t\t\t\t\t\t\t<div class=\"elementor-image\">\n\t\t\t\t\t\t\t\t\t\t\t\t<img width=\"210\" height=\"422\" src=\"https:\/\/drandrefaria.com.br\/wp-content\/uploads\/2022\/06\/mulher-amamentando.jpg\" class=\"attachment-large size-large\" alt=\"\" loading=\"lazy\" srcset=\"https:\/\/drandrefaria.com.br\/wp-content\/uploads\/2022\/06\/mulher-amamentando.jpg 210w, https:\/\/drandrefaria.com.br\/wp-content\/uploads\/2022\/06\/mulher-amamentando-149x300.jpg 149w\" sizes=\"(max-width: 210px) 100vw, 210px\" \/>\t\t\t\t\t\t\t\t\t\t\t\t\t\t<\/div>\n\t\t\t\t\t\t<\/div>\n\t\t\t\t<\/div>\n\t\t\t\t\t\t<\/div>\n\t\t\t\t\t<\/div>\n\t\t<\/div>\n\t\t\t\t<div class=\"elementor-column elementor-col-50 elementor-inner-column elementor-element elementor-element-1350f4a\" data-id=\"1350f4a\" data-element_type=\"column\">\n\t\t\t<div class=\"elementor-column-wrap elementor-element-populated\">\n\t\t\t\t\t\t\t<div class=\"elementor-widget-wrap\">\n\t\t\t\t\t\t<div class=\"elementor-element elementor-element-a3f0e66 elementor-widget elementor-widget-text-editor\" data-id=\"a3f0e66\" data-element_type=\"widget\" data-widget_type=\"text-editor.default\">\n\t\t\t\t<div class=\"elementor-widget-container\">\n\t\t\t\t\t\t\t\t<div class=\"elementor-text-editor elementor-clearfix\">\n\t\t\t\t<p>O aleitamento materno \u00e9 de <strong>fundamental import\u00e2ncia<\/strong> para o beb\u00ea devido a uma s\u00e9rie de benef\u00edcios diretos para a nutri\u00e7\u00e3o, fun\u00e7\u00e3o gastrointestinal, defesa contra infec\u00e7\u00f5es e bem estar psicol\u00f3gico. A composi\u00e7\u00e3o \u00fanica do leite materno, que cont\u00e9m fatores <strong>anti-inflamat\u00f3rios e anti-infecciosos<\/strong>, al\u00e9m do contato direto pele a pele que \u00e9 promovido pelo ato de amamentar, <strong>protege contra exposi\u00e7\u00f5es ambientais e promove o desenvolvimento do sistema imunol\u00f3gico inato da crian\u00e7a<\/strong>.<\/p>\t\t\t\t\t<\/div>\n\t\t\t\t\t\t<\/div>\n\t\t\t\t<\/div>\n\t\t\t\t\t\t<\/div>\n\t\t\t\t\t<\/div>\n\t\t<\/div>\n\t\t\t\t\t\t\t\t<\/div>\n\t\t\t\t\t<\/div>\n\t\t<\/section>\n\t\t\t\t\t\t<\/div>\n\t\t\t\t\t<\/div>\n\t\t<\/div>\n\t\t\t\t\t\t\t\t<\/div>\n\t\t\t\t\t<\/div>\n\t\t<\/section>\n\t\t\t\t<section class=\"elementor-section elementor-top-section elementor-element elementor-element-978746e elementor-section-boxed elementor-section-height-default elementor-section-height-default\" data-id=\"978746e\" data-element_type=\"section\">\n\t\t\t\t\t\t<div class=\"elementor-container elementor-column-gap-default\">\n\t\t\t\t\t\t\t<div class=\"elementor-row\">\n\t\t\t\t\t<div class=\"elementor-column elementor-col-100 elementor-top-column elementor-element elementor-element-7a56249\" data-id=\"7a56249\" data-element_type=\"column\">\n\t\t\t<div class=\"elementor-column-wrap elementor-element-populated\">\n\t\t\t\t\t\t\t<div class=\"elementor-widget-wrap\">\n\t\t\t\t\t\t<div class=\"elementor-element elementor-element-be7680c elementor-widget elementor-widget-text-editor\" data-id=\"be7680c\" data-element_type=\"widget\" data-widget_type=\"text-editor.default\">\n\t\t\t\t<div class=\"elementor-widget-container\">\n\t\t\t\t\t\t\t\t<div class=\"elementor-text-editor elementor-clearfix\">\n\t\t\t\t<p>O benef\u00edcio mais bem estabelecido do aleitamento materno \u00e9 a <strong>preven\u00e7\u00e3o de doen\u00e7as durante o per\u00edodo da amamenta\u00e7\u00e3o<\/strong>. O leite materno, comparado \u00e0s formula\u00e7\u00f5es l\u00e1cteas, tamb\u00e9m parece promover prote\u00e7\u00e3o contra doen\u00e7as infecciosas agudas como otite m\u00e9dia e pneumonia nos primeiros anos de vida, <strong>mesmo ap\u00f3s a descontinua\u00e7\u00e3o da amamenta\u00e7\u00e3o<\/strong>.<\/p>\t\t\t\t\t<\/div>\n\t\t\t\t\t\t<\/div>\n\t\t\t\t<\/div>\n\t\t\t\t<div class=\"elementor-element elementor-element-4ce1130 elementor-widget elementor-widget-image\" data-id=\"4ce1130\" data-element_type=\"widget\" data-widget_type=\"image.default\">\n\t\t\t\t<div class=\"elementor-widget-container\">\n\t\t\t\t\t\t\t\t<div class=\"elementor-image\">\n\t\t\t\t\t\t\t\t\t\t\t\t<img width=\"744\" height=\"304\" src=\"https:\/\/drandrefaria.com.br\/wp-content\/uploads\/2022\/06\/mulher-amamentando-deitada.jpg\" class=\"attachment-large size-large\" alt=\"\" loading=\"lazy\" srcset=\"https:\/\/drandrefaria.com.br\/wp-content\/uploads\/2022\/06\/mulher-amamentando-deitada.jpg 744w, https:\/\/drandrefaria.com.br\/wp-content\/uploads\/2022\/06\/mulher-amamentando-deitada-300x123.jpg 300w\" sizes=\"(max-width: 744px) 100vw, 744px\" \/>\t\t\t\t\t\t\t\t\t\t\t\t\t\t<\/div>\n\t\t\t\t\t\t<\/div>\n\t\t\t\t<\/div>\n\t\t\t\t\t\t<\/div>\n\t\t\t\t\t<\/div>\n\t\t<\/div>\n\t\t\t\t\t\t\t\t<\/div>\n\t\t\t\t\t<\/div>\n\t\t<\/section>\n\t\t\t\t<section class=\"elementor-section elementor-top-section elementor-element elementor-element-a47dc06 elementor-section-boxed elementor-section-height-default elementor-section-height-default\" data-id=\"a47dc06\" data-element_type=\"section\">\n\t\t\t\t\t\t<div class=\"elementor-container elementor-column-gap-default\">\n\t\t\t\t\t\t\t<div class=\"elementor-row\">\n\t\t\t\t\t<div class=\"elementor-column elementor-col-50 elementor-top-column elementor-element elementor-element-245a3b5\" data-id=\"245a3b5\" data-element_type=\"column\">\n\t\t\t<div class=\"elementor-column-wrap elementor-element-populated\">\n\t\t\t\t\t\t\t<div class=\"elementor-widget-wrap\">\n\t\t\t\t\t\t<div class=\"elementor-element elementor-element-098f3e6 elementor-widget elementor-widget-text-editor\" data-id=\"098f3e6\" data-element_type=\"widget\" data-widget_type=\"text-editor.default\">\n\t\t\t\t<div class=\"elementor-widget-container\">\n\t\t\t\t\t\t\t\t<div class=\"elementor-text-editor elementor-clearfix\">\n\t\t\t\t<p>O aleitamento materno tem sido associado tamb\u00e9m com uma s\u00e9rie de benef\u00edcios a longo prazo na redu\u00e7\u00e3o de risco de diversas doen\u00e7as, em especial na preven\u00e7\u00e3o de diabetes tipo 1, doen\u00e7a inflamat\u00f3ria intestinal e broncoespasmo, mas parece haver tamb\u00e9m evid\u00eancias menos robustas quanto \u00e0 preven\u00e7\u00e3o de outras doen\u00e7as como leucemia, asma, eczema, alergias alimentares e obesidade.<\/p>\t\t\t\t\t<\/div>\n\t\t\t\t\t\t<\/div>\n\t\t\t\t<\/div>\n\t\t\t\t\t\t<\/div>\n\t\t\t\t\t<\/div>\n\t\t<\/div>\n\t\t\t\t<div class=\"elementor-column elementor-col-50 elementor-top-column elementor-element elementor-element-2dd4815\" data-id=\"2dd4815\" data-element_type=\"column\">\n\t\t\t<div class=\"elementor-column-wrap elementor-element-populated\">\n\t\t\t\t\t\t\t<div class=\"elementor-widget-wrap\">\n\t\t\t\t\t\t<div class=\"elementor-element elementor-element-5cc6b66 elementor-widget elementor-widget-image\" data-id=\"5cc6b66\" data-element_type=\"widget\" data-widget_type=\"image.default\">\n\t\t\t\t<div class=\"elementor-widget-container\">\n\t\t\t\t\t\t\t\t<div class=\"elementor-image\">\n\t\t\t\t\t\t\t\t\t\t\t\t<img width=\"210\" height=\"422\" src=\"https:\/\/drandrefaria.com.br\/wp-content\/uploads\/2022\/06\/mulher-filho-feliz.jpg\" class=\"attachment-large size-large\" alt=\"\" loading=\"lazy\" srcset=\"https:\/\/drandrefaria.com.br\/wp-content\/uploads\/2022\/06\/mulher-filho-feliz.jpg 210w, https:\/\/drandrefaria.com.br\/wp-content\/uploads\/2022\/06\/mulher-filho-feliz-149x300.jpg 149w\" sizes=\"(max-width: 210px) 100vw, 210px\" \/>\t\t\t\t\t\t\t\t\t\t\t\t\t\t<\/div>\n\t\t\t\t\t\t<\/div>\n\t\t\t\t<\/div>\n\t\t\t\t\t\t<\/div>\n\t\t\t\t\t<\/div>\n\t\t<\/div>\n\t\t\t\t\t\t\t\t<\/div>\n\t\t\t\t\t<\/div>\n\t\t<\/section>\n\t\t\t\t\t\t\t\t\t<\/div>\n\t\t\t<\/div>\n\t\t\t\t\t<\/div>\n\t\t","protected":false},"excerpt":{"rendered":"<p>O aleitamento materno \u00e9 de fundamental import\u00e2ncia para o beb\u00ea devido a uma s\u00e9rie de benef\u00edcios diretos para a nutri\u00e7\u00e3o, fun\u00e7\u00e3o gastrointestinal, defesa contra infec\u00e7\u00f5es e bem estar psicol\u00f3gico. A composi\u00e7\u00e3o \u00fanica do leite materno, que cont\u00e9m fatores anti-inflamat\u00f3rios e anti-infecciosos, al\u00e9m do contato direto pele a pele que \u00e9 promovido pelo ato de amamentar, [&hellip;]<\/p>\n","protected":false},"author":3,"featured_media":1732,"comment_status":"open","ping_status":"open","sticky":false,"template":"","format":"standard","meta":[],"categories":[45],"tags":[],"yoast_head":"<!-- This site is optimized with the Yoast SEO plugin v19.3 - https:\/\/yoast.com\/wordpress\/plugins\/seo\/ -->\n<title>O ALEITAMENTO MATERNO PREVINE O SOBREPESO NA INF\u00c2NCIA? - Dr. Andr\u00e9 Faria<\/title>\n<meta name=\"description\" content=\"O aleitamento materno previne o sobrepeso na inf\u00e2ncia? O aleitamento materno \u00e9 de fundamental import\u00e2ncia para o beb\u00ea devido a uma s\u00e9rie...\" \/>\n<meta name=\"robots\" content=\"index, follow, max-snippet:-1, max-image-preview:large, max-video-preview:-1\" \/>\n<link rel=\"canonical\" href=\"https:\/\/drandrefaria.com.br\/index.php\/2022\/06\/02\/aleitamento-materno-previne-sobrepeso-infancia\/\" \/>\n<meta property=\"og:locale\" content=\"pt_BR\" \/>\n<meta property=\"og:type\" content=\"article\" \/>\n<meta property=\"og:title\" content=\"O ALEITAMENTO MATERNO PREVINE O SOBREPESO NA INF\u00c2NCIA? - Dr. Andr\u00e9 Faria\" \/>\n<meta property=\"og:description\" content=\"O aleitamento materno previne o sobrepeso na inf\u00e2ncia? O aleitamento materno \u00e9 de fundamental import\u00e2ncia para o beb\u00ea devido a uma s\u00e9rie...\" \/>\n<meta property=\"og:url\" content=\"https:\/\/drandrefaria.com.br\/index.php\/2022\/06\/02\/aleitamento-materno-previne-sobrepeso-infancia\/\" \/>\n<meta property=\"og:site_name\" content=\"Dr. Andr\u00e9 Faria\" \/>\n<meta property=\"article:published_time\" content=\"2022-06-02T21:26:39+00:00\" \/>\n<meta property=\"article:modified_time\" content=\"2022-06-03T12:21:19+00:00\" \/>\n<meta property=\"og:image\" content=\"https:\/\/drandrefaria.com.br\/wp-content\/uploads\/2022\/06\/capa-artigo-amamentacao-sobrepeso.png\" \/>\n\t<meta property=\"og:image:width\" content=\"1920\" \/>\n\t<meta property=\"og:image:height\" content=\"624\" \/>\n\t<meta property=\"og:image:type\" content=\"image\/png\" \/>\n<meta name=\"author\" content=\"Guilherme\" \/>\n<meta name=\"twitter:card\" content=\"summary_large_image\" \/>\n<meta name=\"twitter:label1\" content=\"Escrito por\" \/>\n\t<meta name=\"twitter:data1\" content=\"Guilherme\" \/>\n\t<meta name=\"twitter:label2\" content=\"Est. tempo de leitura\" \/>\n\t<meta name=\"twitter:data2\" content=\"2 minutos\" \/>\n<script type=\"application\/ld+json\" class=\"yoast-schema-graph\">{\"@context\":\"https:\/\/schema.org\",\"@graph\":[{\"@type\":\"WebSite\",\"@id\":\"https:\/\/drandrefaria.com.br\/#website\",\"url\":\"https:\/\/drandrefaria.com.br\/\",\"name\":\"Dr. Andr\u00e9 Faria\",\"description\":\"Endocrinologia \",\"potentialAction\":[{\"@type\":\"SearchAction\",\"target\":{\"@type\":\"EntryPoint\",\"urlTemplate\":\"https:\/\/drandrefaria.com.br\/?s={search_term_string}\"},\"query-input\":\"required name=search_term_string\"}],\"inLanguage\":\"pt-BR\"},{\"@type\":\"ImageObject\",\"inLanguage\":\"pt-BR\",\"@id\":\"https:\/\/drandrefaria.com.br\/index.php\/2022\/06\/02\/aleitamento-materno-previne-sobrepeso-infancia\/#primaryimage\",\"url\":\"https:\/\/drandrefaria.com.br\/wp-content\/uploads\/2022\/06\/capa-artigo-amamentacao-sobrepeso.png\",\"contentUrl\":\"https:\/\/drandrefaria.com.br\/wp-content\/uploads\/2022\/06\/capa-artigo-amamentacao-sobrepeso.png\",\"width\":1920,\"height\":624},{\"@type\":\"WebPage\",\"@id\":\"https:\/\/drandrefaria.com.br\/index.php\/2022\/06\/02\/aleitamento-materno-previne-sobrepeso-infancia\/\",\"url\":\"https:\/\/drandrefaria.com.br\/index.php\/2022\/06\/02\/aleitamento-materno-previne-sobrepeso-infancia\/\",\"name\":\"O ALEITAMENTO MATERNO PREVINE O SOBREPESO NA INF\u00c2NCIA? - Dr. Andr\u00e9 Faria\",\"isPartOf\":{\"@id\":\"https:\/\/drandrefaria.com.br\/#website\"},\"primaryImageOfPage\":{\"@id\":\"https:\/\/drandrefaria.com.br\/index.php\/2022\/06\/02\/aleitamento-materno-previne-sobrepeso-infancia\/#primaryimage\"},\"datePublished\":\"2022-06-02T21:26:39+00:00\",\"dateModified\":\"2022-06-03T12:21:19+00:00\",\"author\":{\"@id\":\"https:\/\/drandrefaria.com.br\/#\/schema\/person\/bc166fb7ba46afca1230ce172e520d3e\"},\"description\":\"O aleitamento materno previne o sobrepeso na inf\u00e2ncia? O aleitamento materno \u00e9 de fundamental import\u00e2ncia para o beb\u00ea devido a uma s\u00e9rie...\",\"breadcrumb\":{\"@id\":\"https:\/\/drandrefaria.com.br\/index.php\/2022\/06\/02\/aleitamento-materno-previne-sobrepeso-infancia\/#breadcrumb\"},\"inLanguage\":\"pt-BR\",\"potentialAction\":[{\"@type\":\"ReadAction\",\"target\":[\"https:\/\/drandrefaria.com.br\/index.php\/2022\/06\/02\/aleitamento-materno-previne-sobrepeso-infancia\/\"]}]},{\"@type\":\"BreadcrumbList\",\"@id\":\"https:\/\/drandrefaria.com.br\/index.php\/2022\/06\/02\/aleitamento-materno-previne-sobrepeso-infancia\/#breadcrumb\",\"itemListElement\":[{\"@type\":\"ListItem\",\"position\":1,\"name\":\"Home\",\"item\":\"https:\/\/drandrefaria.com.br\/\"},{\"@type\":\"ListItem\",\"position\":2,\"name\":\"O ALEITAMENTO MATERNO PREVINE O SOBREPESO NA INF\u00c2NCIA?\"}]},{\"@type\":\"Person\",\"@id\":\"https:\/\/drandrefaria.com.br\/#\/schema\/person\/bc166fb7ba46afca1230ce172e520d3e\",\"name\":\"Guilherme\",\"image\":{\"@type\":\"ImageObject\",\"inLanguage\":\"pt-BR\",\"@id\":\"https:\/\/drandrefaria.com.br\/#\/schema\/person\/image\/\",\"url\":\"https:\/\/secure.gravatar.com\/avatar\/8efe0609292a0065d7e3cf99eb0632d6?s=96&d=mm&r=g\",\"contentUrl\":\"https:\/\/secure.gravatar.com\/avatar\/8efe0609292a0065d7e3cf99eb0632d6?s=96&d=mm&r=g\",\"caption\":\"Guilherme\"},\"url\":\"https:\/\/drandrefaria.com.br\/index.php\/author\/guilhermemkt\/\"}]}<\/script>\n<!-- \/ Yoast SEO plugin. -->","yoast_head_json":{"title":"O ALEITAMENTO MATERNO PREVINE O SOBREPESO NA INF\u00c2NCIA? - Dr. Andr\u00e9 Faria","description":"O aleitamento materno previne o sobrepeso na inf\u00e2ncia? O aleitamento materno \u00e9 de fundamental import\u00e2ncia para o beb\u00ea devido a uma s\u00e9rie...","robots":{"index":"index","follow":"follow","max-snippet":"max-snippet:-1","max-image-preview":"max-image-preview:large","max-video-preview":"max-video-preview:-1"},"canonical":"https:\/\/drandrefaria.com.br\/index.php\/2022\/06\/02\/aleitamento-materno-previne-sobrepeso-infancia\/","og_locale":"pt_BR","og_type":"article","og_title":"O ALEITAMENTO MATERNO PREVINE O SOBREPESO NA INF\u00c2NCIA? - Dr. Andr\u00e9 Faria","og_description":"O aleitamento materno previne o sobrepeso na inf\u00e2ncia? O aleitamento materno \u00e9 de fundamental import\u00e2ncia para o beb\u00ea devido a uma s\u00e9rie...","og_url":"https:\/\/drandrefaria.com.br\/index.php\/2022\/06\/02\/aleitamento-materno-previne-sobrepeso-infancia\/","og_site_name":"Dr. Andr\u00e9 Faria","article_published_time":"2022-06-02T21:26:39+00:00","article_modified_time":"2022-06-03T12:21:19+00:00","og_image":[{"width":1920,"height":624,"url":"https:\/\/drandrefaria.com.br\/wp-content\/uploads\/2022\/06\/capa-artigo-amamentacao-sobrepeso.png","type":"image\/png"}],"author":"Guilherme","twitter_card":"summary_large_image","twitter_misc":{"Escrito por":"Guilherme","Est. tempo de leitura":"2 minutos"},"schema":{"@context":"https:\/\/schema.org","@graph":[{"@type":"WebSite","@id":"https:\/\/drandrefaria.com.br\/#website","url":"https:\/\/drandrefaria.com.br\/","name":"Dr. Andr\u00e9 Faria","description":"Endocrinologia ","potentialAction":[{"@type":"SearchAction","target":{"@type":"EntryPoint","urlTemplate":"https:\/\/drandrefaria.com.br\/?s={search_term_string}"},"query-input":"required name=search_term_string"}],"inLanguage":"pt-BR"},{"@type":"ImageObject","inLanguage":"pt-BR","@id":"https:\/\/drandrefaria.com.br\/index.php\/2022\/06\/02\/aleitamento-materno-previne-sobrepeso-infancia\/#primaryimage","url":"https:\/\/drandrefaria.com.br\/wp-content\/uploads\/2022\/06\/capa-artigo-amamentacao-sobrepeso.png","contentUrl":"https:\/\/drandrefaria.com.br\/wp-content\/uploads\/2022\/06\/capa-artigo-amamentacao-sobrepeso.png","width":1920,"height":624},{"@type":"WebPage","@id":"https:\/\/drandrefaria.com.br\/index.php\/2022\/06\/02\/aleitamento-materno-previne-sobrepeso-infancia\/","url":"https:\/\/drandrefaria.com.br\/index.php\/2022\/06\/02\/aleitamento-materno-previne-sobrepeso-infancia\/","name":"O ALEITAMENTO MATERNO PREVINE O SOBREPESO NA INF\u00c2NCIA? - Dr. Andr\u00e9 Faria","isPartOf":{"@id":"https:\/\/drandrefaria.com.br\/#website"},"primaryImageOfPage":{"@id":"https:\/\/drandrefaria.com.br\/index.php\/2022\/06\/02\/aleitamento-materno-previne-sobrepeso-infancia\/#primaryimage"},"datePublished":"2022-06-02T21:26:39+00:00","dateModified":"2022-06-03T12:21:19+00:00","author":{"@id":"https:\/\/drandrefaria.com.br\/#\/schema\/person\/bc166fb7ba46afca1230ce172e520d3e"},"description":"O aleitamento materno previne o sobrepeso na inf\u00e2ncia? O aleitamento materno \u00e9 de fundamental import\u00e2ncia para o beb\u00ea devido a uma s\u00e9rie...","breadcrumb":{"@id":"https:\/\/drandrefaria.com.br\/index.php\/2022\/06\/02\/aleitamento-materno-previne-sobrepeso-infancia\/#breadcrumb"},"inLanguage":"pt-BR","potentialAction":[{"@type":"ReadAction","target":["https:\/\/drandrefaria.com.br\/index.php\/2022\/06\/02\/aleitamento-materno-previne-sobrepeso-infancia\/"]}]},{"@type":"BreadcrumbList","@id":"https:\/\/drandrefaria.com.br\/index.php\/2022\/06\/02\/aleitamento-materno-previne-sobrepeso-infancia\/#breadcrumb","itemListElement":[{"@type":"ListItem","position":1,"name":"Home","item":"https:\/\/drandrefaria.com.br\/"},{"@type":"ListItem","position":2,"name":"O ALEITAMENTO MATERNO PREVINE O SOBREPESO NA INF\u00c2NCIA?"}]},{"@type":"Person","@id":"https:\/\/drandrefaria.com.br\/#\/schema\/person\/bc166fb7ba46afca1230ce172e520d3e","name":"Guilherme","image":{"@type":"ImageObject","inLanguage":"pt-BR","@id":"https:\/\/drandrefaria.com.br\/#\/schema\/person\/image\/","url":"https:\/\/secure.gravatar.com\/avatar\/8efe0609292a0065d7e3cf99eb0632d6?s=96&d=mm&r=g","contentUrl":"https:\/\/secure.gravatar.com\/avatar\/8efe0609292a0065d7e3cf99eb0632d6?s=96&d=mm&r=g","caption":"Guilherme"},"url":"https:\/\/drandrefaria.com.br\/index.php\/author\/guilhermemkt\/"}]}},"jetpack_featured_media_url":"https:\/\/drandrefaria.com.br\/wp-content\/uploads\/2022\/06\/capa-artigo-amamentacao-sobrepeso.png","_links":{"self":[{"href":"https:\/\/drandrefaria.com.br\/index.php\/wp-json\/wp\/v2\/posts\/1723"}],"collection":[{"href":"https:\/\/drandrefaria.com.br\/index.php\/wp-json\/wp\/v2\/posts"}],"about":[{"href":"https:\/\/drandrefaria.com.br\/index.php\/wp-json\/wp\/v2\/types\/post"}],"author":[{"embeddable":true,"href":"https:\/\/drandrefaria.com.br\/index.php\/wp-json\/wp\/v2\/users\/3"}],"replies":[{"embeddable":true,"href":"https:\/\/drandrefaria.com.br\/index.php\/wp-json\/wp\/v2\/comments?post=1723"}],"version-history":[{"count":6,"href":"https:\/\/drandrefaria.com.br\/index.php\/wp-json\/wp\/v2\/posts\/1723\/revisions"}],"predecessor-version":[{"id":1734,"href":"https:\/\/drandrefaria.com.br\/index.php\/wp-json\/wp\/v2\/posts\/1723\/revisions\/1734"}],"wp:featuredmedia":[{"embeddable":true,"href":"https:\/\/drandrefaria.com.br\/index.php\/wp-json\/wp\/v2\/media\/1732"}],"wp:attachment":[{"href":"https:\/\/drandrefaria.com.br\/index.php\/wp-json\/wp\/v2\/media?parent=1723"}],"wp:term":[{"taxonomy":"category","embeddable":true,"href":"https:\/\/drandrefaria.com.br\/index.php\/wp-json\/wp\/v2\/categories?post=1723"},{"taxonomy":"post_tag","embeddable":true,"href":"https:\/\/drandrefaria.com.br\/index.php\/wp-json\/wp\/v2\/tags?post=1723"}],"curies":[{"name":"wp","href":"https:\/\/api.w.org\/{rel}","templated":true}]}}